{"id":44243,"date":"2020-11-11T19:25:18","date_gmt":"2020-11-11T19:25:18","guid":{"rendered":"https:\/\/qatar-news.org\/qatarnewsEn\/?p=44243"},"modified":"2020-11-11T19:25:18","modified_gmt":"2020-11-11T19:25:18","slug":"poland-far-right-hooligans-clash-with-police-at-warsaw-march","status":"publish","type":"post","link":"https:\/\/qatar-news.org\/qatarnewsEn\/?p=44243","title":{"rendered":"Poland: Far-right \u2018hooligans\u2019 clash with police at Warsaw march"},"content":{"rendered":"<div id=\"\">\n<p class=\"article__subhead\">Clashes break out after thousands joined banned Independence Day march shunning LGBTQ and communist groups amid coronavirus restrictions.<\/p>\n<\/div>\n<div readability=\"92.441323585995\">\n<p>Polish nationalists and far-right individuals have clashed with police as thousands defied a coronavirus pandemic-related ban to join a self-styled \u201cindependence march\u201d through the capital, Warsaw.<\/p>\n<p>The unrest on Wednesday erupted broke out after the participants ignored police warnings to disperse to limit COVID-19 infection risks.<\/p>\n<p>\u201cSeveral officers were injured\u201d after being attacked by \u201cgroups of hooligans\u201d, the police said on Twitter.<\/p>\n<p>\u201cOfficers had to act decisively in order to clear a passage for ambulances and vehicles carrying respirators that were being blocked by hooligans,\u201d they said.<\/p>\n<p>Police fired rubber bullets after protesters threw stones and firecrackers during the Independence Day march.<\/p>\n<p><figure id=\"attachment_1238472\" class=\"wp-caption aligncenter\"><img decoding=\"async\" class=\"size-fantasia-770 wp-image-1238472\" src=\"http:\/\/www.aljazeera.com\/wp-content\/uploads\/2020\/11\/h_56491258.jpg?w=770&#038;resize=770%2C513\" data-recalc-dims=\"1\">Participants at the march burn red flares at the Dmowski roundabout in Warsaw [Radek Pietruszka\/EPA]<\/figure>\n<p>November 11 is a national holiday in Poland to celebrate when Jozef Pilsudski assumed command of Polish troops in Warsaw and declared independence in 1918, coinciding with the armistice between Germany and France.<\/p>\n<p>In previous years, there have been clashes with police and counter-demonstrators during Independence Day marches, and protesters carried red flares, as well as racist or Nazi symbols, which are banned in Poland.<\/p>\n<p>Warsaw\u2019s liberal mayor Rafal Trzaskowski had banned this year\u2019s march because of the pandemic and the government urged people not to take part.<\/p>\n<p>Deputy Health Minister Waldemar Kraska said last week that it would be \u201ca demonstration of patriotism\u201d not to participate in the march.<\/p>\n<blockquote class=\"twitter-tweet\" data-width=\"550\" data-dnt=\"true\" readability=\"10.678571428571\">\n<p lang=\"en\" dir=\"ltr\">\ud83c\uddf5\ud83c\uddf1Hooligans just set fire to an apartment during <a href=\"https:\/\/twitter.com\/hashtag\/MarszNiepod%C5%82eg%C5%82o%C5%9Bci2020?src=hash&#038;ref_src=twsrc%5Etfw\">#MarszNiepod\u0142eg\u0142o\u015bci2020<\/a> because there&#8217;s a poster of the Women Strike and an LGBTI-flag\ud83c\udff3\ufe0f\u200d\ud83c\udf08 on the building.<\/p>\n<p>Every year, tens of thousands of hooligans from across Poland come together in Warsaw to &#8220;celebrate&#8221; Independence Day. <a href=\"https:\/\/t.co\/lYwNalYnq2\">pic.twitter.com\/lYwNalYnq2<\/a><\/p>\n<p>\u2014 R\u00e9my Bonny \ud83c\udff3\ufe0f\u200d\ud83c\udf08\ud83c\uddea\ud83c\uddfa (@RemyBonny) <a href=\"https:\/\/twitter.com\/RemyBonny\/status\/1326534412415033351?ref_src=twsrc%5Etfw\">November 11, 2020<\/a><\/p>\n<\/blockquote>\n<p>But participants, many of whom did not wear masks, waved Polish flags and chanted, \u201cGod, honour and homeland!\u201d<\/p>\n<p>This year\u2019s demonstration was organised under the motto \u201cOur Civilisation, Our Rules\u201d and its advertising poster showed a knight breaking a red-and-rainbow-coloured star, an apparent reference to communism and the lesbian, gay, bisexual and transgender (LGBTQ) community.<\/p>\n<p>The march came on the heels of massive protests in the past few weeks about abortion rights, where hundreds of thousands of people took to the street to protest against the pro-government Constitutional Tribunal\u2019s efforts to ban abortions, even in cases of fetal defects.<\/p>\n<\/div>\n","protected":false},"excerpt":{"rendered":"<p>Clashes break out after thousands joined banned Independence Day march shunning LGBTQ and communist groups amid coronavirus restrictions.Polish nationalists and far-right individuals have clashed with police as thousands defied a coronavirus pandemic-related ban to join a self-styled \u201cindependence march\u201d through the capital, Warsaw. The unrest on Wednesday erupted broke out after the participants ignored police&hellip;<\/p>\n","protected":false},"author":10,"featured_media":0,"comment_status":"open","ping_status":"open","sticky":false,"template":"","format":"standard","meta":{"footnotes":""},"categories":[1],"tags":[],"class_list":["post-44243","post","type-post","status-publish","format-standard","hentry","category-spotlight_news"],"_links":{"self":[{"href":"https:\/\/qatar-news.org\/qatarnewsEn\/index.php?rest_route=\/wp\/v2\/posts\/44243","targetHints":{"allow":["GET"]}}],"collection":[{"href":"https:\/\/qatar-news.org\/qatarnewsEn\/index.php?rest_route=\/wp\/v2\/posts"}],"about":[{"href":"https:\/\/qatar-news.org\/qatarnewsEn\/index.php?rest_route=\/wp\/v2\/types\/post"}],"author":[{"embeddable":true,"href":"https:\/\/qatar-news.org\/qatarnewsEn\/index.php?rest_route=\/wp\/v2\/users\/10"}],"replies":[{"embeddable":true,"href":"https:\/\/qatar-news.org\/qatarnewsEn\/index.php?rest_route=%2Fwp%2Fv2%2Fcomments&post=44243"}],"version-history":[{"count":0,"href":"https:\/\/qatar-news.org\/qatarnewsEn\/index.php?rest_route=\/wp\/v2\/posts\/44243\/revisions"}],"wp:attachment":[{"href":"https:\/\/qatar-news.org\/qatarnewsEn\/index.php?rest_route=%2Fwp%2Fv2%2Fmedia&parent=44243"}],"wp:term":[{"taxonomy":"category","embeddable":true,"href":"https:\/\/qatar-news.org\/qatarnewsEn\/index.php?rest_route=%2Fwp%2Fv2%2Fcategories&post=44243"},{"taxonomy":"post_tag","embeddable":true,"href":"https:\/\/qatar-news.org\/qatarnewsEn\/index.php?rest_route=%2Fwp%2Fv2%2Ftags&post=44243"}],"curies":[{"name":"wp","href":"https:\/\/api.w.org\/{rel}","templated":true}]}}